{"id":226666,"date":"2025-01-19T21:00:17","date_gmt":"2025-01-19T21:00:17","guid":{"rendered":"https:\/\/demosdivi.lovelyconfetti.com\/vivienpro\/?p=226666"},"modified":"2025-05-27T13:35:10","modified_gmt":"2025-05-27T13:35:10","slug":"zdjecia-z-przygotowan-tak-czy-nie","status":"publish","type":"post","link":"https:\/\/velvetweddings.pl\/?p=226666","title":{"rendered":"Zdj\u0119cia z przygotowa\u0144 \u2013 tak czy nie?"},"content":{"rendered":"[et_pb_section fb_built=&#8221;1&#8243; admin_label=&#8221;section&#8221; _builder_version=&#8221;4.16&#8243; global_colors_info=&#8221;{}&#8221;][et_pb_row admin_label=&#8221;row&#8221; _builder_version=&#8221;4.16&#8243; background_size=&#8221;initial&#8221; background_position=&#8221;top_left&#8221; background_repeat=&#8221;repeat&#8221; global_colors_info=&#8221;{}&#8221;][et_pb_column type=&#8221;4_4&#8243; _builder_version=&#8221;4.16&#8243; custom_padding=&#8221;|||&#8221; global_colors_info=&#8221;{}&#8221; custom_padding__hover=&#8221;|||&#8221;][et_pb_text admin_label=&#8221;Text&#8221; _builder_version=&#8221;4.16&#8243; background_size=&#8221;initial&#8221; background_position=&#8221;top_left&#8221; background_repeat=&#8221;repeat&#8221; global_colors_info=&#8221;{}&#8221;]<p><\/p>\n<p>To pytanie wraca jak bumerang u wielu Par M\u0142odych. \u201eCzy warto mie\u0107 fotografa ju\u017c od momentu przygotowa\u0144?\u201d \u201eCzy nie lepiej, \u017ceby przyszed\u0142 dopiero na ceremoni\u0119?\u201d Z perspektywy osoby, kt\u00f3ra towarzyszy Parom w tym wyj\u0105tkowym dniu \u2013 <strong>odpowied\u017a brzmi: zdecydowanie tak!<\/strong> Ale jak zawsze: zale\u017cy.<\/p>\n<p><\/p>\n<p>&nbsp;<\/p>\n<figure class=\"wp-block-gallery has-nested-images columns-default is-cropped\">\n<figure class=\"wp-block-image size-large\"><\/figure>\n<p><!-- \/wp:post-content --><\/p>\n<\/figure>\n<p><!-- \/wp:gallery --><\/p>\n<p><!-- wp:paragraph --><\/p>\n<p><strong>Dlaczego warto?<\/strong><\/p>\n<p><!-- \/wp:paragraph --><\/p>\n<p><!-- wp:heading {\"level\":4} --><\/p>\n<h4 class=\"wp-block-heading\">1. <strong>To cz\u0119\u015b\u0107 historii<\/strong><\/h4>\n<p><!-- \/wp:heading --><\/p>\n<p><!-- wp:paragraph --><\/p>\n<p>\u015alub to nie tylko \u201etak\u201d wypowiedziane przy o\u0142tarzu. To ca\u0142y dzie\u0144 \u2013 od porannego makija\u017cu, przez zapinanie sukni, pierwsze spojrzenia w lustrze, po wzruszenia rodziny. Zdj\u0119cia z przygotowa\u0144 opowiadaj\u0105 t\u0119 histori\u0119 <strong>od pocz\u0105tku<\/strong>, tworz\u0105c pe\u0142n\u0105, sp\u00f3jn\u0105 narracj\u0119 Waszego dnia.<\/p>\n<p><!-- \/wp:paragraph --><\/p>\n<p><!-- wp:heading {\"level\":4} --><\/p>\n<h4 class=\"wp-block-heading\">2. <strong>Emocje, kt\u00f3re s\u0105 tylko wtedy<\/strong><\/h4>\n<p><!-- \/wp:heading --><\/p>\n<p><!-- wp:paragraph --><\/p>\n<p>Moment, gdy mama pomaga zapi\u0105\u0107 sukni\u0119. Gdy tata pierwszy raz widzi Ci\u0119 w bia\u0142ej sukni. Gdy przyjaci\u00f3\u0142ki \u015bmiej\u0105 si\u0119, podaj\u0105c Ci prosecco i poprawiaj\u0105c welon. To s\u0105 <strong>emocje nie do powt\u00f3rzenia<\/strong>. Intymne, wzruszaj\u0105ce, prawdziwe.<\/p>\n<p><!-- \/wp:paragraph --><\/p>\n<p><!-- wp:heading {\"level\":4} --><\/p>\n<h4 class=\"wp-block-heading\">3. <strong>Oswajacie si\u0119 z obiektywem<\/strong><\/h4>\n<p><!-- \/wp:heading --><\/p>\n<p><!-- wp:paragraph --><\/p>\n<p>Dla wielu os\u00f3b to pierwsze spotkanie z profesjonalnym fotografem. Zdj\u0119cia z przygotowa\u0144 to idealny moment, by \u201erozgrza\u0107 si\u0119\u201d przed aparatem, przyzwyczai\u0107 do obecno\u015bci fotografa i z\u0142apa\u0107 swobod\u0119.<\/p>\n<p><!-- \/wp:paragraph --><\/p>\n<p><!-- wp:heading {\"level\":4} --><\/p>\n<h4 class=\"wp-block-heading\">4. <strong>To Wasza chwila spokoju<\/strong><\/h4>\n<p><!-- \/wp:heading --><\/p>\n<p><!-- wp:paragraph --><\/p>\n<p>Paradoksalnie \u2013 cho\u0107 wok\u00f3\u0142 mo\u017ce by\u0107 gwarno \u2013 to jeden z niewielu moment\u00f3w, gdy jeste\u015bcie jeszcze \u201eprzed wielkim wej\u015bciem\u201d. Fotograf wy\u0142apuje t\u0119 cisz\u0119 przed burz\u0105, skupienie, czasem lekk\u0105 trem\u0119\u2026 To pi\u0119kne i warte zapami\u0119tania.<\/p>\n<p><!-- \/wp:paragraph --><\/p>\n<p><!-- wp:paragraph --><\/p>\n<p><!-- \/wp:paragraph --><\/p>\n<p><!-- wp:separator --><\/p>\n<hr class=\"wp-block-separator has-alpha-channel-opacity\" \/>\n<p><!-- \/wp:separator --><\/p>\n<p><!-- wp:heading {\"level\":3} --><\/p>\n<h3 class=\"wp-block-heading\">A kiedy mo\u017ce to nie mie\u0107 sensu?<\/h3>\n<p><!-- \/wp:heading --><\/p>\n<p><!-- wp:paragraph --><\/p>\n<p>Je\u015bli macie bardzo ograniczony bud\u017cet i ka\u017cda godzina pracy fotografa ma znaczenie.<!-- \/wp:paragraph --><\/p>\n<p>Je\u015bli nie czujesz si\u0119 dobrze z obiektywem i wiesz, \u017ce obecno\u015b\u0107 fotografa b\u0119dzie Ci\u0119 kr\u0119powa\u0107.<\/p>\n<p>Je\u015bli przygotowujecie si\u0119 w bardzo ciasnym lub chaotycznym miejscu, w kt\u00f3rym trudno o dobre \u015bwiat\u0142o i atmosfer\u0119.<\/p>\n<p><!-- wp:paragraph --><\/p>\n<p><!-- \/wp:paragraph --><\/p>\n<p><!-- wp:paragraph --><\/p>\n<p><!-- \/wp:paragraph --><\/p>\n<p><!-- wp:heading {\"level\":3} --><\/p>\n<h3 class=\"wp-block-heading\">Co warto zaplanowa\u0107, je\u015bli si\u0119 decydujecie?<\/h3>\n<p><!-- \/wp:heading --><\/p>\n<p><!-- wp:list --><\/p>\n<ul class=\"wp-block-list\">\n<ul class=\"wp-block-list\"><!-- wp:list-item --><\/ul>\n<\/ul>\n<p>&nbsp;<\/p>\n<ul class=\"wp-block-list\">\n<ul class=\"wp-block-list\">\n<li><strong>Czas<\/strong> \u2013 przygotowania w po\u015bpiechu to najgorszy mo\u017cliwy scenariusz. Zaplanujcie minimum 2 godziny, \u017ceby nie biec z lok\u00f3wki w suknie.<\/li>\n<\/ul>\n<\/ul>\n<p><!-- \/wp:list-item --><\/p>\n<p><!-- wp:list-item --><\/p>\n<ul class=\"wp-block-list\">\n<ul class=\"wp-block-list\">\n<li><strong>Porz\u0105dek wok\u00f3\u0142<\/strong> \u2013 nikt nie chce na zdj\u0119ciach rozrzuconych toreb, pude\u0142ek i zmi\u0119tych ubra\u0144.<\/li>\n<\/ul>\n<\/ul>\n<p><!-- \/wp:list-item --><\/p>\n<p><!-- wp:list-item --><\/p>\n<ul class=\"wp-block-list\">\n<ul class=\"wp-block-list\">\n<li><strong>\u015awiat\u0142o<\/strong> \u2013 naturalne \u015bwiat\u0142o to podstawa. Wybierzcie miejsce z du\u017cym oknem.<\/li>\n<\/ul>\n<\/ul>\n<p><!-- \/wp:list-item --><\/p>\n<p><!-- wp:list-item --><\/p>\n<ul class=\"wp-block-list\">\n<ul class=\"wp-block-list\">\n<li><strong>Dodatki<\/strong> \u2013 zaproszenia, bi\u017cuteria, perfumy, obr\u0105czki \u2013 warto je przygotowa\u0107 do sfotografowania.<\/li>\n<\/ul>\n<\/ul>\n<p><!-- \/wp:list-item --><\/p>\n<p><!-- wp:list-item --><\/p>\n<ul class=\"wp-block-list\">\n<ul class=\"wp-block-list\">\n<li><strong>Osoby towarzysz\u0105ce<\/strong> \u2013 mama, \u015bwiadkowa, przyjaci\u00f3\u0142ki. To one buduj\u0105 atmosfer\u0119!<\/li>\n<\/ul>\n<\/ul>\n<p><!-- \/wp:list-item --><\/p>\n<p><!-- \/wp:list --><\/p>\n<p><!-- wp:quote --><\/p>\n<blockquote class=\"wp-block-quote\">\n<p><!-- wp:paragraph --><\/p>\n<p><strong>Podsumowuj\u0105c:<\/strong><\/p>\n<p><!-- \/wp:paragraph --><\/p>\n<p><!-- wp:paragraph --><\/p>\n<p><strong>Tak, warto!<\/strong> Zdj\u0119cia z przygotowa\u0144 to nie tylko \u201e\u0142adne uj\u0119cia\u201d \u2013 to kawa\u0142ek emocjonalnej uk\u0142adanki, kt\u00f3ra tworzy ca\u0142y obraz Waszego dnia. A najpi\u0119kniejsze w tym wszystkim jest to, \u017ce cz\u0119sto w\u0142a\u015bnie te kadry \u2013 pe\u0142ne naturalno\u015bci i czu\u0142o\u015bci \u2013 staj\u0105 si\u0119 p\u00f3\u017aniej Waszymi ulubionymi.<\/p>\n<p><!-- \/wp:paragraph --><\/p>\n<p><!-- wp:paragraph --><\/p>\n<p>Je\u015bli potrzebujesz wsparcia przy planowaniu idealnych warunk\u00f3w do takich zdj\u0119\u0107 \u2013 jestem tu, \u017ceby pom\u00f3c. Od \u015bwiat\u0142a, przez harmonogram, po spok\u00f3j ducha. Bo ka\u017cdy szczeg\u00f3\u0142 ma znaczenie.<\/p>\n<p><!-- \/wp:paragraph --><\/p>\n<\/blockquote>\n<p><!-- \/wp:quote --><\/p>[\/et_pb_text][\/et_pb_column][\/et_pb_row][\/et_pb_section]","protected":false},"excerpt":{"rendered":"<p>To pytanie wraca jak bumerang u wielu Par M\u0142odych. \u201eCzy warto mie\u0107 fotografa ju\u017c od momentu przygotowa\u0144?\u201d \u201eCzy nie lepiej, \u017ceby przyszed\u0142 dopiero na ceremoni\u0119?\u201d Z perspektywy osoby, kt\u00f3ra towarzyszy Parom w tym wyj\u0105tkowym dniu \u2013 odpowied\u017a brzmi: zdecydowanie tak! Ale jak zawsze: zale\u017cy. &nbsp; Dlaczego warto? 1. To cz\u0119\u015b\u0107 historii \u015alub to nie tylko [&hellip;]<\/p>\n","protected":false},"author":2,"featured_media":229747,"comment_status":"closed","ping_status":"closed","sticky":false,"template":"","format":"standard","meta":{"_et_pb_use_builder":"on","_et_pb_old_content":"<!-- wp:paragraph -->\n<p>To pytanie wraca jak bumerang u wielu Par M\u0142odych. \u201eCzy warto mie\u0107 fotografa ju\u017c od momentu przygotowa\u0144?\u201d \u201eCzy nie lepiej, \u017ceby przyszed\u0142 dopiero na ceremoni\u0119?\u201d Z perspektywy osoby, kt\u00f3ra towarzyszy Parom w tym wyj\u0105tkowym dniu \u2013 <strong>odpowied\u017a brzmi: zdecydowanie tak!<\/strong> Ale jak zawsze: zale\u017cy.<\/p>\n<!-- \/wp:paragraph -->\n\n<!-- wp:gallery {\"linkTo\":\"none\"} -->\n<figure class=\"wp-block-gallery has-nested-images columns-default is-cropped\"><!-- wp:image {\"id\":229676,\"sizeSlug\":\"large\",\"linkDestination\":\"none\"} -->\n<figure class=\"wp-block-image size-large\"><img src=\"https:\/\/velvetweddings.pl\/wp-content\/uploads\/2021\/05\/w_d_repo_30-1024x683.jpg\" alt=\"\" class=\"wp-image-229676\"\/><\/figure>\n<!-- \/wp:image --><\/figure>\n<!-- \/wp:gallery -->\n\n<!-- wp:paragraph -->\n<p><strong>Dlaczego warto?<\/strong><\/p>\n<!-- \/wp:paragraph -->\n\n<!-- wp:heading {\"level\":4} -->\n<h4 class=\"wp-block-heading\">1. <strong>To cz\u0119\u015b\u0107 historii<\/strong><\/h4>\n<!-- \/wp:heading -->\n\n<!-- wp:paragraph -->\n<p>\u015alub to nie tylko \u201etak\u201d wypowiedziane przy o\u0142tarzu. To ca\u0142y dzie\u0144 \u2013 od porannego makija\u017cu, przez zapinanie sukni, pierwsze spojrzenia w lustrze, po wzruszenia rodziny. Zdj\u0119cia z przygotowa\u0144 opowiadaj\u0105 t\u0119 histori\u0119 <strong>od pocz\u0105tku<\/strong>, tworz\u0105c pe\u0142n\u0105, sp\u00f3jn\u0105 narracj\u0119 Waszego dnia.<\/p>\n<!-- \/wp:paragraph -->\n\n<!-- wp:heading {\"level\":4} -->\n<h4 class=\"wp-block-heading\">2. <strong>Emocje, kt\u00f3re s\u0105 tylko wtedy<\/strong><\/h4>\n<!-- \/wp:heading -->\n\n<!-- wp:paragraph -->\n<p>Moment, gdy mama pomaga zapi\u0105\u0107 sukni\u0119. Gdy tata pierwszy raz widzi Ci\u0119 w bia\u0142ej sukni. Gdy przyjaci\u00f3\u0142ki \u015bmiej\u0105 si\u0119, podaj\u0105c Ci prosecco i poprawiaj\u0105c welon. To s\u0105 <strong>emocje nie do powt\u00f3rzenia<\/strong>. Intymne, wzruszaj\u0105ce, prawdziwe.<\/p>\n<!-- \/wp:paragraph -->\n\n<!-- wp:heading {\"level\":4} -->\n<h4 class=\"wp-block-heading\">3. <strong>Oswajacie si\u0119 z obiektywem<\/strong><\/h4>\n<!-- \/wp:heading -->\n\n<!-- wp:paragraph -->\n<p>Dla wielu os\u00f3b to pierwsze spotkanie z profesjonalnym fotografem. Zdj\u0119cia z przygotowa\u0144 to idealny moment, by \u201erozgrza\u0107 si\u0119\u201d przed aparatem, przyzwyczai\u0107 do obecno\u015bci fotografa i z\u0142apa\u0107 swobod\u0119.<\/p>\n<!-- \/wp:paragraph -->\n\n<!-- wp:heading {\"level\":4} -->\n<h4 class=\"wp-block-heading\">4. <strong>To Wasza chwila spokoju<\/strong><\/h4>\n<!-- \/wp:heading -->\n\n<!-- wp:paragraph -->\n<p>Paradoksalnie \u2013 cho\u0107 wok\u00f3\u0142 mo\u017ce by\u0107 gwarno \u2013 to jeden z niewielu moment\u00f3w, gdy jeste\u015bcie jeszcze \u201eprzed wielkim wej\u015bciem\u201d. Fotograf wy\u0142apuje t\u0119 cisz\u0119 przed burz\u0105, skupienie, czasem lekk\u0105 trem\u0119\u2026 To pi\u0119kne i warte zapami\u0119tania.<\/p>\n<!-- \/wp:paragraph -->\n\n<!-- wp:paragraph -->\n<p><\/p>\n<!-- \/wp:paragraph -->\n\n<!-- wp:separator -->\n<hr class=\"wp-block-separator has-alpha-channel-opacity\"\/>\n<!-- \/wp:separator -->\n\n<!-- wp:heading {\"level\":3} -->\n<h3 class=\"wp-block-heading\">A kiedy mo\u017ce to nie mie\u0107 sensu?<\/h3>\n<!-- \/wp:heading -->\n\n<!-- wp:paragraph -->\n<p>Je\u015bli macie bardzo ograniczony bud\u017cet i ka\u017cda godzina pracy fotografa ma znaczenie.<\/p>\n<!-- \/wp:paragraph -->\n\n<!-- wp:paragraph -->\n<p>Je\u015bli nie czujesz si\u0119 dobrze z obiektywem i wiesz, \u017ce obecno\u015b\u0107 fotografa b\u0119dzie Ci\u0119 kr\u0119powa\u0107.<\/p>\n<!-- \/wp:paragraph -->\n\n<!-- wp:paragraph -->\n<p>Je\u015bli przygotowujecie si\u0119 w bardzo ciasnym lub chaotycznym miejscu, w kt\u00f3rym trudno o dobre \u015bwiat\u0142o i atmosfer\u0119.<\/p>\n<!-- \/wp:paragraph -->\n\n<!-- wp:paragraph -->\n<p><\/p>\n<!-- \/wp:paragraph -->\n\n<!-- wp:heading {\"level\":3} -->\n<h3 class=\"wp-block-heading\">Co warto zaplanowa\u0107, je\u015bli si\u0119 decydujecie?<\/h3>\n<!-- \/wp:heading -->\n\n<!-- wp:list -->\n<ul class=\"wp-block-list\"><!-- wp:list-item -->\n<li><strong>Czas<\/strong> \u2013 przygotowania w po\u015bpiechu to najgorszy mo\u017cliwy scenariusz. Zaplanujcie minimum 2 godziny, \u017ceby nie biec z lok\u00f3wki w suknie.<\/li>\n<!-- \/wp:list-item -->\n\n<!-- wp:list-item -->\n<li><strong>Porz\u0105dek wok\u00f3\u0142<\/strong> \u2013 nikt nie chce na zdj\u0119ciach rozrzuconych toreb, pude\u0142ek i zmi\u0119tych ubra\u0144.<\/li>\n<!-- \/wp:list-item -->\n\n<!-- wp:list-item -->\n<li><strong>\u015awiat\u0142o<\/strong> \u2013 naturalne \u015bwiat\u0142o to podstawa. Wybierzcie miejsce z du\u017cym oknem.<\/li>\n<!-- \/wp:list-item -->\n\n<!-- wp:list-item -->\n<li><strong>Dodatki<\/strong> \u2013 zaproszenia, bi\u017cuteria, perfumy, obr\u0105czki \u2013 warto je przygotowa\u0107 do sfotografowania.<\/li>\n<!-- \/wp:list-item -->\n\n<!-- wp:list-item -->\n<li><strong>Osoby towarzysz\u0105ce<\/strong> \u2013 mama, \u015bwiadkowa, przyjaci\u00f3\u0142ki. To one buduj\u0105 atmosfer\u0119!<\/li>\n<!-- \/wp:list-item --><\/ul>\n<!-- \/wp:list -->\n\n<!-- wp:quote -->\n<blockquote class=\"wp-block-quote\"><!-- wp:paragraph -->\n<p><strong>Podsumowuj\u0105c:<\/strong><\/p>\n<!-- \/wp:paragraph -->\n\n<!-- wp:paragraph -->\n<p><strong>Tak, warto!<\/strong> Zdj\u0119cia z przygotowa\u0144 to nie tylko \u201e\u0142adne uj\u0119cia\u201d \u2013 to kawa\u0142ek emocjonalnej uk\u0142adanki, kt\u00f3ra tworzy ca\u0142y obraz Waszego dnia. A najpi\u0119kniejsze w tym wszystkim jest to, \u017ce cz\u0119sto w\u0142a\u015bnie te kadry \u2013 pe\u0142ne naturalno\u015bci i czu\u0142o\u015bci \u2013 staj\u0105 si\u0119 p\u00f3\u017aniej Waszymi ulubionymi.<\/p>\n<!-- \/wp:paragraph -->\n\n<!-- wp:paragraph -->\n<p>Je\u015bli potrzebujesz wsparcia przy planowaniu idealnych warunk\u00f3w do takich zdj\u0119\u0107 \u2013 jestem tu, \u017ceby pom\u00f3c. Od \u015bwiat\u0142a, przez harmonogram, po spok\u00f3j ducha. Bo ka\u017cdy szczeg\u00f3\u0142 ma znaczenie.<\/p>\n<!-- \/wp:paragraph --><\/blockquote>\n<!-- \/wp:quote -->","_et_gb_content_width":"","footnotes":""},"categories":[2],"tags":[],"class_list":["post-226666","post","type-post","status-publish","format-standard","has-post-thumbnail","hentry","category-category-1"],"_links":{"self":[{"href":"https:\/\/velvetweddings.pl\/index.php?rest_route=\/wp\/v2\/posts\/226666","targetHints":{"allow":["GET"]}}],"collection":[{"href":"https:\/\/velvetweddings.pl\/index.php?rest_route=\/wp\/v2\/posts"}],"about":[{"href":"https:\/\/velvetweddings.pl\/index.php?rest_route=\/wp\/v2\/types\/post"}],"author":[{"embeddable":true,"href":"https:\/\/velvetweddings.pl\/index.php?rest_route=\/wp\/v2\/users\/2"}],"replies":[{"embeddable":true,"href":"https:\/\/velvetweddings.pl\/index.php?rest_route=%2Fwp%2Fv2%2Fcomments&post=226666"}],"version-history":[{"count":5,"href":"https:\/\/velvetweddings.pl\/index.php?rest_route=\/wp\/v2\/posts\/226666\/revisions"}],"predecessor-version":[{"id":229751,"href":"https:\/\/velvetweddings.pl\/index.php?rest_route=\/wp\/v2\/posts\/226666\/revisions\/229751"}],"wp:featuredmedia":[{"embeddable":true,"href":"https:\/\/velvetweddings.pl\/index.php?rest_route=\/wp\/v2\/media\/229747"}],"wp:attachment":[{"href":"https:\/\/velvetweddings.pl\/index.php?rest_route=%2Fwp%2Fv2%2Fmedia&parent=226666"}],"wp:term":[{"taxonomy":"category","embeddable":true,"href":"https:\/\/velvetweddings.pl\/index.php?rest_route=%2Fwp%2Fv2%2Fcategories&post=226666"},{"taxonomy":"post_tag","embeddable":true,"href":"https:\/\/velvetweddings.pl\/index.php?rest_route=%2Fwp%2Fv2%2Ftags&post=226666"}],"curies":[{"name":"wp","href":"https:\/\/api.w.org\/{rel}","templated":true}]}}